{"id":2633,"date":"2018-12-09T22:58:52","date_gmt":"2018-12-09T22:58:52","guid":{"rendered":"https:\/\/ampatombatossals.com\/?p=2633"},"modified":"2018-12-09T22:58:52","modified_gmt":"2018-12-09T22:58:52","slug":"escoleta-de-invierno-2018-19","status":"publish","type":"post","link":"https:\/\/afatombatossals.com\/es\/escoleta\/escoleta-de-invierno-2018-19\/","title":{"rendered":"Escoleta de invierno 2018\/19"},"content":{"rendered":"<p><strong>EL CAM\u00cd ELS MAGS<\/strong><\/p>\n<p>Como cada a\u00f1o, proponemos una escoleta llena de actividades para que los d\u00edas no lectivos de las vacaciones de Navidad sean para los ni\u00f1os y ni\u00f1as un tiempo para relajarse, expresar su creatividad, jugar y en definitiva disfrutar.<\/p>\n<p>Como siempre, os proponemos un proyecto que no solo atienda a la conciliaci\u00f3n de horarios, sino que sea motivador para los ni\u00f1os y ni\u00f1as que han de pasar estos dias de vacacoines en el centro escolar.<\/p>\n<p>El hilo conductor de esta edici\u00f3n de la escoleta de invierno se organiza bajo el t\u00edtulo \u00abEl cam\u00ed dels mags\u00bb. El objetivo de todas las actividades que propondremos estar\u00e1n encaminadas a descubrir diferentes culturas y tradiciones, haciendo un viaje l\u00fadico a trav\u00e9s de todos los territorios que los Magos de Oriente deber\u00e1n recurrer para llegar a nuestra casa. Cada d\u00eda trabajaremos a trav\u00e9s de juegos, canciones, historias, etc. un pa\u00eds de un recorrido imaginario desde Oriente hasta Castell\u00f3n. Adem\u00e1s les presentaremos algunos talleres relacionados con la magia como el taller de Varitas y Palos de magia.<\/p>\n<p>Todo eso unido a tiempo de juego, libre o guiado, tiempo para la creatividad, oportunidades de experimentaci\u00f3n y participaci\u00f3n y todo lo que caracteriza todos los programas que Aur-Art elabora para el vuestro centro.\u00bb<\/p>\n<p><strong>T\u00edtulo:<\/strong> EL CAM\u00cd DELS MAGS.<br \/>\n<strong>Fechas:<\/strong> 24 de diciembre al 4 de enero (los dias 25 de diciembre y 1 de enero no hay servicio de escoleta)<br \/>\n<strong>Horarios:<\/strong> Desde las 7:30h hasta las 15:30h. Podeis seleccionar la modalidad que m\u00e1s os interese.<\/p>\n<p>[one_third]<strong>HORARIO<\/strong>[\/one_third][one_third]<strong>COMEDOR\/ SIN COMEDOR<\/strong>[\/one_third][one_third_last]<strong>PRECIOS<\/strong>[\/one_third_last]<br \/>\n[one_third]<strong>ESCOLETA SOLO MA\u00d1ANA<br \/>\n(9:00 A 13:00)<\/strong>[\/one_third][one_third][\/one_third][one_third_last]80\u20ac[\/one_third_last]<br \/>\n[one_third]<strong>ESCOLETA COMPLETA<br \/>\n(9:00 A 15:30)<\/strong>[\/one_third][one_third]<strong>CON COMEDOR<\/strong>[\/one_third][one_third_last]166\u20ac[\/one_third_last]<br \/>\n[one_third][\/one_third][one_third]<strong>SIN COMEDOR<\/strong>[\/one_third][one_third_last]130\u20ac[\/one_third_last]<br \/>\n[one_third]<strong>ESCOLETA MA\u00d1ANAS:<\/strong>[\/one_third][one_third][\/one_third][one_third_last]10\u20ac[\/one_third_last]<br \/>\nSolo tendr\u00e1n que abonar la escoleta de ma\u00f1anas las familias que no hagan uso habitual..<\/p>\n<p><strong>PARTICIPACI\u00d3N DIAS SUELTOS:<\/strong> Solo ma\u00f1ana 12\u20ac \/ Jornada Completa (con comedor) 23\u20ac<\/p>\n<p><strong>Formulario de inscripci\u00f3n<br \/>\n<a href=\"https:\/\/ampatombatossals.com\/wp-content\/uploads\/2018\/12\/inscripcion-navidad-2018-19.pdf\" target=\"_blank\" rel=\"noopener\"><img loading=\"lazy\" decoding=\"async\" class=\"alignnone wp-image-642 size-thumbnail\" src=\"https:\/\/ampatombatossals.com\/wp-content\/uploads\/2017\/05\/PDF-download-150x150.png\" alt=\"\" width=\"150\" height=\"150\" srcset=\"https:\/\/afatombatossals.com\/wp-content\/uploads\/2017\/05\/PDF-download-150x150.png 150w, https:\/\/afatombatossals.com\/wp-content\/uploads\/2017\/05\/PDF-download-237x237.png 237w\" sizes=\"auto, (max-width: 150px) 100vw, 150px\" \/><\/a><\/strong><\/p>\n","protected":false},"excerpt":{"rendered":"<p>EL CAM\u00cd ELS MAGS Como cada a\u00f1o, proponemos una escoleta llena de actividades para que los d\u00edas no lectivos de las vacaciones de Navidad sean para los ni\u00f1os y ni\u00f1as un tiempo para relajarse, expresar su creatividad, jugar y en definitiva disfrutar. Como siempre, os proponemos un proyecto que no solo atienda a la conciliaci\u00f3n de horarios, sino que sea motivador para los ni\u00f1os y ni\u00f1as que han de pasar estos dias de vacacoines en el centro escolar. El hilo conductor de esta edici\u00f3n de la escoleta de invierno se organiza bajo el t\u00edtulo \u00abEl cam\u00ed dels mags\u00bb. El objetivo <\/p>\n","protected":false},"author":2,"featured_media":2452,"comment_status":"open","ping_status":"open","sticky":false,"template":"","format":"standard","meta":{"_monsterinsights_skip_tracking":false,"footnotes":""},"categories":[14],"tags":[43,16],"class_list":["post-2633","post","type-post","status-publish","format-standard","has-post-thumbnail","hentry","category-escoleta","tag-aur-art","tag-escoleta","has_thumb"],"_links":{"self":[{"href":"https:\/\/afatombatossals.com\/es\/wp-json\/wp\/v2\/posts\/2633","targetHints":{"allow":["GET"]}}],"collection":[{"href":"https:\/\/afatombatossals.com\/es\/wp-json\/wp\/v2\/posts"}],"about":[{"href":"https:\/\/afatombatossals.com\/es\/wp-json\/wp\/v2\/types\/post"}],"author":[{"embeddable":true,"href":"https:\/\/afatombatossals.com\/es\/wp-json\/wp\/v2\/users\/2"}],"replies":[{"embeddable":true,"href":"https:\/\/afatombatossals.com\/es\/wp-json\/wp\/v2\/comments?post=2633"}],"version-history":[{"count":2,"href":"https:\/\/afatombatossals.com\/es\/wp-json\/wp\/v2\/posts\/2633\/revisions"}],"predecessor-version":[{"id":2636,"href":"https:\/\/afatombatossals.com\/es\/wp-json\/wp\/v2\/posts\/2633\/revisions\/2636"}],"wp:featuredmedia":[{"embeddable":true,"href":"https:\/\/afatombatossals.com\/es\/wp-json\/wp\/v2\/media\/2452"}],"wp:attachment":[{"href":"https:\/\/afatombatossals.com\/es\/wp-json\/wp\/v2\/media?parent=2633"}],"wp:term":[{"taxonomy":"category","embeddable":true,"href":"https:\/\/afatombatossals.com\/es\/wp-json\/wp\/v2\/categories?post=2633"},{"taxonomy":"post_tag","embeddable":true,"href":"https:\/\/afatombatossals.com\/es\/wp-json\/wp\/v2\/tags?post=2633"}],"curies":[{"name":"wp","href":"https:\/\/api.w.org\/{rel}","templated":true}]}}